{"id":46,"date":"2020-08-21T16:13:55","date_gmt":"2020-08-21T16:13:55","guid":{"rendered":"http:\/\/blog.proadeg.com\/?p=46"},"modified":"2020-08-23T05:14:04","modified_gmt":"2020-08-23T05:14:04","slug":"covid-19-retos-y-oportunidades-por-venir","status":"publish","type":"post","link":"https:\/\/blog.proadeg.com\/?p=46","title":{"rendered":"Covid-19 Retos y oportunidades por venir"},"content":{"rendered":"\n<p>Estamos a pocos d\u00edas que se devel\u00f3 la noticia que ya existen vacunas aprobadas en pa\u00edses como Rusia, Estados Unidos y Cuba. Por ahora nos queda esperar que nuestro pa\u00eds sea tomado en cuenta como prioridad en cuanto se de la masificaci\u00f3n de las dosis a nivel mundial.<\/p>\n\n\n\n<p>Consecuentemente debemos prepararnos para la reapertura econ\u00f3mica, debemos comenzar por nosotros, es importante generar autoempleo a nivel micro, hacer un an\u00e1lisis de donde estamos y hacia d\u00f3nde queremos ir, \u00bfque nos ha pasado? \u00bfesperamos que las oportunidades vengan a nosotros? No, debemos buscar las oportunidades.<\/p>\n\n\n\n<p>La juventud, los millennials deber\u00edan ser la columna econ\u00f3mica del pa\u00eds, pero nuestro sistema educativo ha fallado en varios factores, no existe una pol\u00edtica econ\u00f3mica desde lo pedag\u00f3gico y esto da\u00f1a de manera directa el pensamiento empresarial desde que somos ni\u00f1os, nunca se nos ense\u00f1a a crear empresas, siempre se nos ense\u00f1a a ser los mejores empleados, como f\u00e1brica de m\u00e1quinas humanas desechables, parte de un sistema cruel que no permite que cualquier persona pueda tener \u00e9xito en la vida, en los negocios, en lo empresarial \u00bfcrees que puedes ser una historia de \u00e9xito? \u00bfc\u00f3mo lo har\u00edas?<\/p>\n\n\n\n<p>Hoy vemos oportunidad en los programas de apoyo econ\u00f3mico para emprendimientos, aunque son muy pocos, existen; y es importante recalcar, como hoy en d\u00eda los j\u00f3venes debemos cambiar el futuro del pa\u00eds, si tenemos anhelos debemos pensar qu\u00e9 futuro le dejaremos a las generaciones venideras, \u00bfte das cuenta? lo que hoy hagamos har\u00e1 la diferencia en unos a\u00f1os, en m\u00ed, en t\u00ed, en tu familia, en la sociedad.<\/p>\n\n\n<!-- wp:themify-builder\/canvas \/-->\n\n\n<p><\/p>\n","protected":false},"excerpt":{"rendered":"<p>Estamos a pocos d\u00edas que se devel\u00f3 la noticia que ya existen vacunas aprobadas en pa\u00edses como Rusia, Estados Unidos y Cuba. Por ahora nos queda esperar que nuestro pa\u00eds sea tomado en cuenta como prioridad en cuanto se de la masificaci\u00f3n de las dosis a nivel mundial. Consecuentemente debemos prepararnos para la reapertura econ\u00f3mica, [&hellip;]<\/p>\n","protected":false},"author":2,"featured_media":0,"comment_status":"open","ping_status":"open","sticky":false,"template":"","format":"standard","meta":{"footnotes":""},"categories":[1],"tags":[12,16,15,8,13,14,5,10,7,11,9],"class_list":["post-46","post","type-post","status-publish","format-standard","hentry","category-blog","tag-amenazas","tag-covid-19","tag-debilidades","tag-emprendimieno","tag-foda","tag-fortalezas","tag-guatemala","tag-mineco","tag-negocios","tag-oportunidades","tag-pymes"],"jetpack_featured_media_url":"","builder_content":"","_links":{"self":[{"href":"https:\/\/blog.proadeg.com\/index.php?rest_route=\/wp\/v2\/posts\/46","targetHints":{"allow":["GET"]}}],"collection":[{"href":"https:\/\/blog.proadeg.com\/index.php?rest_route=\/wp\/v2\/posts"}],"about":[{"href":"https:\/\/blog.proadeg.com\/index.php?rest_route=\/wp\/v2\/types\/post"}],"author":[{"embeddable":true,"href":"https:\/\/blog.proadeg.com\/index.php?rest_route=\/wp\/v2\/users\/2"}],"replies":[{"embeddable":true,"href":"https:\/\/blog.proadeg.com\/index.php?rest_route=%2Fwp%2Fv2%2Fcomments&post=46"}],"version-history":[{"count":9,"href":"https:\/\/blog.proadeg.com\/index.php?rest_route=\/wp\/v2\/posts\/46\/revisions"}],"predecessor-version":[{"id":64,"href":"https:\/\/blog.proadeg.com\/index.php?rest_route=\/wp\/v2\/posts\/46\/revisions\/64"}],"wp:attachment":[{"href":"https:\/\/blog.proadeg.com\/index.php?rest_route=%2Fwp%2Fv2%2Fmedia&parent=46"}],"wp:term":[{"taxonomy":"category","embeddable":true,"href":"https:\/\/blog.proadeg.com\/index.php?rest_route=%2Fwp%2Fv2%2Fcategories&post=46"},{"taxonomy":"post_tag","embeddable":true,"href":"https:\/\/blog.proadeg.com\/index.php?rest_route=%2Fwp%2Fv2%2Ftags&post=46"}],"curies":[{"name":"wp","href":"https:\/\/api.w.org\/{rel}","templated":true}]}}